{"id":584,"date":"2024-02-28T18:48:02","date_gmt":"2024-02-28T17:48:02","guid":{"rendered":"https:\/\/www.pcm.hr\/wordpress\/?p=584"},"modified":"2024-02-28T18:52:21","modified_gmt":"2024-02-28T17:52:21","slug":"aktualno","status":"publish","type":"post","link":"https:\/\/www.pcm.hr\/wordpress\/aktualno\/","title":{"rendered":"Aktualno"},"content":{"rendered":"\n<p>PROGRAMI OD INTERESA &#8211; AERODROM LO\u0160INJ<\/p>\n\n\n\n<p>Kad se pokrene tema &#8220;programi&#8221; ili \u201eprojekti\u201c, bez obzira na dobre namjere, te\u0161ko je razlu\u010diti koji sadr\u017eaj \u0107e u potpunosti biti povezan s tim nazivom ili se mo\u017eda bolje uklapa u obuku, trening, promociju isl.Ovo promi\u0161ljanje temelji se na ideji o\u017eivljavanja padobranske aktivnosti na Malom Lo\u0161inju, poglavito iz razloga \u0161to jo\u0161 uvijek \u017eivi sje\u0107anje na XX RW World Cup davne 1985. godine.<\/p>\n\n\n\n<p>Naravno, ne treba zaboraviti ni poku\u0161aje da se utemelji program novogodi\u0161njih \u201eboogie\u201c-a ili drugih padobranskih aktivnosti.<\/p>\n\n\n\n<figure class=\"wp-block-image size-large\"><a href=\"https:\/\/www.pcm.hr\/wordpress\/wp-content\/uploads\/2023\/07\/ML_2022-29-scaled.jpg\"><img loading=\"lazy\" width=\"1024\" height=\"683\" src=\"https:\/\/www.pcm.hr\/wordpress\/wp-content\/uploads\/2023\/07\/ML_2022-29-1024x683.jpg\" alt=\"\" class=\"wp-image-622\" srcset=\"https:\/\/www.pcm.hr\/wordpress\/wp-content\/uploads\/2023\/07\/ML_2022-29-1024x683.jpg 1024w, https:\/\/www.pcm.hr\/wordpress\/wp-content\/uploads\/2023\/07\/ML_2022-29-300x200.jpg 300w, https:\/\/www.pcm.hr\/wordpress\/wp-content\/uploads\/2023\/07\/ML_2022-29-768x512.jpg 768w, https:\/\/www.pcm.hr\/wordpress\/wp-content\/uploads\/2023\/07\/ML_2022-29-1536x1024.jpg 1536w, https:\/\/www.pcm.hr\/wordpress\/wp-content\/uploads\/2023\/07\/ML_2022-29-2048x1366.jpg 2048w, https:\/\/www.pcm.hr\/wordpress\/wp-content\/uploads\/2023\/07\/ML_2022-29-507x338.jpg 507w\" sizes=\"(max-width: 1024px) 100vw, 1024px\" \/><\/a><figcaption>Photo OFC Graz &#8211; aerodrom Lo\u0161inj \/ HR<\/figcaption><\/figure>\n\n\n\n<p>Sada smo u prilici utvrditi stvarnu mogu\u0107nost uspje\u0161ne organizacije padobranskog programa, to\u010dnije susreta, koji bi mogao biti nazvan \u201eskydiving camp\u201c budu\u0107i je prvi, <em>pro\u0161le godine,<\/em> pa tako i drugi, ove 2023. godine uspje\u0161no organiziran i proveden u suradnji s OFC Graz \/AT<\/p>\n\n\n\n<div class=\"wp-block-image\"><figure class=\"alignright size-large is-resized\"><a href=\"https:\/\/www.pcm.hr\/wordpress\/wp-content\/uploads\/2023\/07\/download-5.jpg\"><img loading=\"lazy\" src=\"https:\/\/www.pcm.hr\/wordpress\/wp-content\/uploads\/2023\/07\/download-5-1024x576.jpg\" alt=\"\" class=\"wp-image-624\" width=\"445\" height=\"250\" srcset=\"https:\/\/www.pcm.hr\/wordpress\/wp-content\/uploads\/2023\/07\/download-5-1024x576.jpg 1024w, https:\/\/www.pcm.hr\/wordpress\/wp-content\/uploads\/2023\/07\/download-5-300x169.jpg 300w, https:\/\/www.pcm.hr\/wordpress\/wp-content\/uploads\/2023\/07\/download-5-768x432.jpg 768w, https:\/\/www.pcm.hr\/wordpress\/wp-content\/uploads\/2023\/07\/download-5.jpg 1333w\" sizes=\"(max-width: 445px) 100vw, 445px\" \/><\/a><figcaption>Photo OFC Graz\/AT &#8211; 2022<\/figcaption><\/figure><\/div>\n\n\n\n<p>Od posebnog je zna\u010daja da se ovaj camp organizira posljednji tjedan u travnju s ciljem uvo\u0111enja u sezonu koja slijedi i to poglavito kao pro\u0161ireni susret \u010dlanova klubova i pojedinaca po pozivu.<\/p>\n\n\n\n<p>Budu\u0107i je ove godine, u vremenu 27.04. \u2013 01.05.2023. godine odr\u017ean tek drugi \u201eSkydiving Camp\u201c to \u0107e ostati projekt Kluba dok se ne ostvare uvjeti za promjenu u, mogu\u0107e, kontinuirani otvoreni trening kroz vi\u0161e termina u sezoni.<\/p>\n\n\n\n<figure class=\"wp-block-image size-large\"><a href=\"https:\/\/www.pcm.hr\/wordpress\/wp-content\/uploads\/2023\/07\/ML_2022-137-scaled.jpg\"><img loading=\"lazy\" width=\"1024\" height=\"683\" src=\"https:\/\/www.pcm.hr\/wordpress\/wp-content\/uploads\/2023\/07\/ML_2022-137-1024x683.jpg\" alt=\"\" class=\"wp-image-625\" srcset=\"https:\/\/www.pcm.hr\/wordpress\/wp-content\/uploads\/2023\/07\/ML_2022-137-1024x683.jpg 1024w, https:\/\/www.pcm.hr\/wordpress\/wp-content\/uploads\/2023\/07\/ML_2022-137-300x200.jpg 300w, https:\/\/www.pcm.hr\/wordpress\/wp-content\/uploads\/2023\/07\/ML_2022-137-768x512.jpg 768w, https:\/\/www.pcm.hr\/wordpress\/wp-content\/uploads\/2023\/07\/ML_2022-137-1536x1024.jpg 1536w, https:\/\/www.pcm.hr\/wordpress\/wp-content\/uploads\/2023\/07\/ML_2022-137-2048x1365.jpg 2048w, https:\/\/www.pcm.hr\/wordpress\/wp-content\/uploads\/2023\/07\/ML_2022-137-507x338.jpg 507w\" sizes=\"(max-width: 1024px) 100vw, 1024px\" \/><\/a><figcaption>Photo OFC Graz &#8211; 8 way iznad Lo\u0161inja<\/figcaption><\/figure>\n\n\n\n<p>Ovoliki oprez u organizaciji ove vrste proizlazi iz dvogodi\u0161njeg iskustva kojim je utvr\u0111ena poprili\u010dna slo\u017eenost i niz interaktivnih postupaka te nekoliko nedostataka koji su morali biti otklonjeni doslovce u posljednjim satima prije po\u010detka aktivnosti.<\/p>\n\n\n\n<p>Za poja\u0161njenje, Aerodrom Lo\u0161inj, prije svega, pogodan je upravo u terminima prije i nakon zavr\u0161etka glavne turisti\u010dke sezone a to zna\u010di od listopada teku\u0107e godine do svibnja idu\u0107e kalendarske godine, ali s posebnim oprezom za period novogodi\u0161njih praznika kada su na toj lokaciji posebno nepogodni meteo \u2013 uvjeti.<\/p>\n\n\n\n<figure class=\"wp-block-image size-large\"><a href=\"https:\/\/www.pcm.hr\/wordpress\/wp-content\/uploads\/2023\/07\/ML_2022-100-scaled.jpg\"><img loading=\"lazy\" width=\"1024\" height=\"683\" src=\"https:\/\/www.pcm.hr\/wordpress\/wp-content\/uploads\/2023\/07\/ML_2022-100-1024x683.jpg\" alt=\"\" class=\"wp-image-627\" srcset=\"https:\/\/www.pcm.hr\/wordpress\/wp-content\/uploads\/2023\/07\/ML_2022-100-1024x683.jpg 1024w, https:\/\/www.pcm.hr\/wordpress\/wp-content\/uploads\/2023\/07\/ML_2022-100-300x200.jpg 300w, https:\/\/www.pcm.hr\/wordpress\/wp-content\/uploads\/2023\/07\/ML_2022-100-768x512.jpg 768w, https:\/\/www.pcm.hr\/wordpress\/wp-content\/uploads\/2023\/07\/ML_2022-100-1536x1024.jpg 1536w, https:\/\/www.pcm.hr\/wordpress\/wp-content\/uploads\/2023\/07\/ML_2022-100-2048x1365.jpg 2048w, https:\/\/www.pcm.hr\/wordpress\/wp-content\/uploads\/2023\/07\/ML_2022-100-507x338.jpg 507w\" sizes=\"(max-width: 1024px) 100vw, 1024px\" \/><\/a><figcaption>Photo OFC Graz &#8211; drugi pogled na Lo\u0161inj<\/figcaption><\/figure>\n\n\n\n<p>Slijede\u0107i ote\u017eavaju\u0107i \u010dimbenik je na\u010din dolaska na Aerodrom Lo\u0161inj cestovnim putem budu\u0107i to obuhva\u0107a i dodatnu slo\u017eenost prelaska s kopna na otoke &#8211; Krk, Cres pa tek onda Lo\u0161inj, \u0161to uklju\u010duje neku od trajektnih linija.&nbsp;<\/p>\n\n\n\n<p>Me\u0111utim, dobrom organizacijom samog campa na lokaciji i sadr\u017eajima koji postoje osim ciljanog programa u ponudi ove turisti\u010dke destinacije, nadomjestit \u0107e se slo\u017eenost i napor putovanja u dolasku i odlasku.<\/p>\n\n\n\n<p>Iz opisanog, mo\u017ee se zaklju\u010diti da je ovo jo\u0161 uvijek projekt koji treba urediti u svim segmentima, a to se naro\u010dito odnosi na administrativne obveze glede rezervacije zra\u010dnog prostora, pogodnog smje\u0161taja svih sudionika i organizacijskih obveza u skladu sa zrakoplovnim propisima.<\/p>\n\n\n\n<p>Mo\u017ee se ocijeniti da su oba campa organizirana uspje\u0161no a obaveze koje su ostale odnose se na detaljno ure\u0111enje odre\u0111enih podataka u ve\u0107 administrativnim obvezama kao \u0161to je dopuna podataka u Uputu Aerodroma Lo\u0161inj i sli\u010dno.<\/p>\n\n\n\n<p>DJ\/DJ&nbsp;&nbsp;<\/p>\n\n\n\n<p><\/p>\n\n\n\n<p><\/p>\n\n\n\n<p><\/p>\n","protected":false},"excerpt":{"rendered":"<p>PROGRAMI OD INTERESA &#8211; AERODROM LO\u0160INJ Kad se pokrene tema &#8220;programi&#8221; ili \u201eprojekti\u201c, bez obzira na dobre namjere, te\u0161ko je<\/p>\n<p><a href=\"https:\/\/www.pcm.hr\/wordpress\/aktualno\/\" class=\"more-link\">Continue reading<span class=\"screen-reader-text\">Aktualno<\/span><\/a><\/p>\n","protected":false},"author":3,"featured_media":0,"comment_status":"closed","ping_status":"open","sticky":false,"template":"","format":"standard","meta":[],"categories":[3,6,1],"tags":[],"_links":{"self":[{"href":"https:\/\/www.pcm.hr\/wordpress\/wp-json\/wp\/v2\/posts\/584"}],"collection":[{"href":"https:\/\/www.pcm.hr\/wordpress\/wp-json\/wp\/v2\/posts"}],"about":[{"href":"https:\/\/www.pcm.hr\/wordpress\/wp-json\/wp\/v2\/types\/post"}],"author":[{"embeddable":true,"href":"https:\/\/www.pcm.hr\/wordpress\/wp-json\/wp\/v2\/users\/3"}],"replies":[{"embeddable":true,"href":"https:\/\/www.pcm.hr\/wordpress\/wp-json\/wp\/v2\/comments?post=584"}],"version-history":[{"count":9,"href":"https:\/\/www.pcm.hr\/wordpress\/wp-json\/wp\/v2\/posts\/584\/revisions"}],"predecessor-version":[{"id":636,"href":"https:\/\/www.pcm.hr\/wordpress\/wp-json\/wp\/v2\/posts\/584\/revisions\/636"}],"wp:attachment":[{"href":"https:\/\/www.pcm.hr\/wordpress\/wp-json\/wp\/v2\/media?parent=584"}],"wp:term":[{"taxonomy":"category","embeddable":true,"href":"https:\/\/www.pcm.hr\/wordpress\/wp-json\/wp\/v2\/categories?post=584"},{"taxonomy":"post_tag","embeddable":true,"href":"https:\/\/www.pcm.hr\/wordpress\/wp-json\/wp\/v2\/tags?post=584"}],"curies":[{"name":"wp","href":"https:\/\/api.w.org\/{rel}","templated":true}]}}